{"id":63768,"date":"2025-07-07T11:03:59","date_gmt":"2025-07-07T09:03:59","guid":{"rendered":"https:\/\/www.comiccondenmark.com\/2025\/07\/07\/et-varmt-velkommen-til-sean-astin-som-kommer-til-comic-con-denmark-2025\/"},"modified":"2026-02-05T09:03:30","modified_gmt":"2026-02-05T08:03:30","slug":"et-varmt-velkommen-til-sean-astin-som-kommer-til-comic-con-denmark-2025","status":"publish","type":"post","link":"https:\/\/www.comiccondenmark.com\/da\/2025\/07\/07\/et-varmt-velkommen-til-sean-astin-som-kommer-til-comic-con-denmark-2025\/","title":{"rendered":"Et varmt velkommen til Sean Astin som kommer til Comic Con Denmark 2025!"},"content":{"rendered":"\t\t<div data-elementor-type=\"wp-post\" data-elementor-id=\"63768\" class=\"elementor elementor-63768 elementor-63713\" data-elementor-post-type=\"post\">\n\t\t\t\t\t\t<section class=\"elementor-section elementor-top-section elementor-element elementor-element-955cde7 elementor-section-boxed elementor-section-height-default elementor-section-height-default\" data-id=\"955cde7\" data-element_type=\"section\" data-e-type=\"section\" data-settings=\"{&quot;background_background&quot;:&quot;classic&quot;}\">\n\t\t\t\t\t\t<div class=\"elementor-container elementor-column-gap-wide\">\n\t\t\t\t\t<div class=\"elementor-column elementor-col-50 elementor-top-column elementor-element elementor-element-0db9351\" data-id=\"0db9351\" data-element_type=\"column\" data-e-type=\"column\" data-settings=\"{&quot;background_background&quot;:&quot;classic&quot;}\">\n\t\t\t<div class=\"elementor-widget-wrap elementor-element-populated\">\n\t\t\t\t\t\t<div class=\"elementor-element elementor-element-372301f elementor-widget elementor-widget-image\" data-id=\"372301f\" data-element_type=\"widget\" data-e-type=\"widget\" data-widget_type=\"image.default\">\n\t\t\t\t<div class=\"elementor-widget-container\">\n\t\t\t\t\t\t\t\t\t\t\t\t\t\t\t<img fetchpriority=\"high\" decoding=\"async\" width=\"768\" height=\"768\" src=\"https:\/\/easyfairsassets.com\/sites\/340\/2025\/07\/Sean-Astin-1080-x-1080-px-768x768.jpg\" class=\"attachment-medium_large size-medium_large wp-image-63676\" alt=\"Portrait of Sean Astin. In the background there is a blurry forest and an image of him from Lord of the rings.\" srcset=\"https:\/\/easyfairsassets.com\/sites\/340\/2025\/07\/Sean-Astin-1080-x-1080-px-768x768.jpg 768w, https:\/\/easyfairsassets.com\/sites\/340\/2025\/07\/Sean-Astin-1080-x-1080-px-300x300.jpg 300w, https:\/\/easyfairsassets.com\/sites\/340\/2025\/07\/Sean-Astin-1080-x-1080-px-1024x1024.jpg 1024w, https:\/\/easyfairsassets.com\/sites\/340\/2025\/07\/Sean-Astin-1080-x-1080-px-150x150.jpg 150w, https:\/\/easyfairsassets.com\/sites\/340\/2025\/07\/Sean-Astin-1080-x-1080-px.jpg 1080w\" sizes=\"(max-width: 768px) 100vw, 768px\" \/>\t\t\t\t\t\t\t\t\t\t\t\t\t\t\t<\/div>\n\t\t\t\t<\/div>\n\t\t\t\t<div class=\"elementor-element elementor-element-6879688e elementor-widget elementor-widget-heading\" data-id=\"6879688e\" data-element_type=\"widget\" data-e-type=\"widget\" data-widget_type=\"heading.default\">\n\t\t\t\t<div class=\"elementor-widget-container\">\n\t\t\t\t\t<h1 class=\"elementor-heading-title elementor-size-default\">M\u00f8d Sean Astin p\u00e5 Comic Con Denmark 2025<\/h1>\t\t\t\t<\/div>\n\t\t\t\t<\/div>\n\t\t\t\t<div class=\"elementor-element elementor-element-52b30664 elementor-widget elementor-widget-text-editor\" data-id=\"52b30664\" data-element_type=\"widget\" data-e-type=\"widget\" data-widget_type=\"text-editor.default\">\n\t\t\t\t<div class=\"elementor-widget-container\">\n\t\t\t\t\t\t\t\t\t<p>Det er vores store gl\u00e6de at kunne annoncere, at Sean Astin kommer til Comic Con Denmark i \u00e5r!<\/p>\n<p>Sean er kendt og elsket for sin rolle som den loyale Samwise Gamgee i Ringenes Herre-trilogien og for sine andre ikoniske roller, blandt andet i The Goonies og Stranger Things. Med en karriere, der str\u00e6kker sig over \u00e5rtier og generationer af fans, er dette en unik mulighed for at m\u00f8de en af de mest elskede stjerner i virkeligheden.<\/p>\n\t\t\t\t\t\t\t\t<\/div>\n\t\t\t\t<\/div>\n\t\t\t\t<div class=\"elementor-element elementor-element-a15c102 elementor-widget elementor-widget-heading\" data-id=\"a15c102\" data-element_type=\"widget\" data-e-type=\"widget\" data-widget_type=\"heading.default\">\n\t\t\t\t<div class=\"elementor-widget-container\">\n\t\t\t\t\t<h2 class=\"elementor-heading-title elementor-size-default\">DETTE SKER P\u00c5 COMIC CON<\/h2>\t\t\t\t<\/div>\n\t\t\t\t<\/div>\n\t\t\t\t<div class=\"elementor-element elementor-element-44803619 elementor-widget elementor-widget-text-editor\" data-id=\"44803619\" data-element_type=\"widget\" data-e-type=\"widget\" data-widget_type=\"text-editor.default\">\n\t\t\t\t<div class=\"elementor-widget-container\">\n\t\t\t\t\t\t\t\t\t<p>Til Comic Con 2025 vil du kunne:<\/p>\n<ul>\n<li>Deltage i eksklusive Q&amp;A-sessioner (gratis p\u00e5 Heroes Main Stage)<\/li>\n<li>F\u00e5 taget et professionelt billede med Sean<\/li>\n<li>F\u00e5 en autograf og\/eller en selfie<\/li>\n<\/ul>\n<p>Sean kommer b\u00e5de l\u00f8rdag og s\u00f8ndag, og alle foto- og autografsessioner har en ekstra omkostning. Billetter er til salg nu \u2013 skynd dig at sikre dig din allerede i dag!<\/p>\n\t\t\t\t\t\t\t\t<\/div>\n\t\t\t\t<\/div>\n\t\t\t\t<div class=\"elementor-element elementor-element-15705765 elementor-align-left elementor-mobile-align-left elementor-widget elementor-widget-button\" data-id=\"15705765\" data-element_type=\"widget\" data-e-type=\"widget\" data-widget_type=\"button.default\">\n\t\t\t\t<div class=\"elementor-widget-container\">\n\t\t\t\t\t\t\t\t\t<div class=\"elementor-button-wrapper\">\n\t\t\t\t\t<a class=\"elementor-button elementor-button-link elementor-size-xs elementor-animation-grow\" href=\"https:\/\/www.comiccondenmark.com\/da\/billetter\/\">\n\t\t\t\t\t\t<span class=\"elementor-button-content-wrapper\">\n\t\t\t\t\t\t\t\t\t<span class=\"elementor-button-text\">Sikr din billet<\/span>\n\t\t\t\t\t<\/span>\n\t\t\t\t\t<\/a>\n\t\t\t\t<\/div>\n\t\t\t\t\t\t\t\t<\/div>\n\t\t\t\t<\/div>\n\t\t\t\t\t<\/div>\n\t\t<\/div>\n\t\t\t\t<div class=\"elementor-column elementor-col-50 elementor-top-column elementor-element elementor-element-3cd9727\" data-id=\"3cd9727\" data-element_type=\"column\" data-e-type=\"column\" data-settings=\"{&quot;background_background&quot;:&quot;classic&quot;}\">\n\t\t\t<div class=\"elementor-widget-wrap elementor-element-populated\">\n\t\t\t\t\t\t<div class=\"elementor-element elementor-element-190cbd9 elementor-widget elementor-widget-heading\" data-id=\"190cbd9\" data-element_type=\"widget\" data-e-type=\"widget\" data-widget_type=\"heading.default\">\n\t\t\t\t<div class=\"elementor-widget-container\">\n\t\t\t\t\t<h4 class=\"elementor-heading-title elementor-size-default\">Del<\/h4>\t\t\t\t<\/div>\n\t\t\t\t<\/div>\n\t\t\t\t<div class=\"elementor-element elementor-element-2debae6 elementor-share-buttons--view-icon elementor-share-buttons--skin-minimal elementor-share-buttons--shape-circle elementor-grid-0 elementor-share-buttons--color-official elementor-widget elementor-widget-share-buttons\" data-id=\"2debae6\" data-element_type=\"widget\" data-e-type=\"widget\" data-widget_type=\"share-buttons.default\">\n\t\t\t\t<div class=\"elementor-widget-container\">\n\t\t\t\t\t\t\t<div class=\"elementor-grid\" role=\"list\">\n\t\t\t\t\t\t\t\t<div class=\"elementor-grid-item\" role=\"listitem\">\n\t\t\t\t\t\t<div class=\"elementor-share-btn elementor-share-btn_facebook\" role=\"button\" tabindex=\"0\" aria-label=\"Share on facebook\">\n\t\t\t\t\t\t\t\t\t\t\t\t\t\t\t<span class=\"elementor-share-btn__icon\">\n\t\t\t\t\t\t\t\t<i class=\"fab fa-facebook\" aria-hidden=\"true\"><\/i>\t\t\t\t\t\t\t<\/span>\n\t\t\t\t\t\t\t\t\t\t\t\t\t\t\t\t\t\t\t\t<\/div>\n\t\t\t\t\t<\/div>\n\t\t\t\t\t\t\t\t\t<div class=\"elementor-grid-item\" role=\"listitem\">\n\t\t\t\t\t\t<div class=\"elementor-share-btn elementor-share-btn_twitter\" role=\"button\" tabindex=\"0\" aria-label=\"Share on twitter\">\n\t\t\t\t\t\t\t\t\t\t\t\t\t\t\t<span class=\"elementor-share-btn__icon\">\n\t\t\t\t\t\t\t\t<i class=\"fab fa-twitter\" aria-hidden=\"true\"><\/i>\t\t\t\t\t\t\t<\/span>\n\t\t\t\t\t\t\t\t\t\t\t\t\t\t\t\t\t\t\t\t<\/div>\n\t\t\t\t\t<\/div>\n\t\t\t\t\t\t\t\t\t<div class=\"elementor-grid-item\" role=\"listitem\">\n\t\t\t\t\t\t<div class=\"elementor-share-btn elementor-share-btn_linkedin\" role=\"button\" tabindex=\"0\" aria-label=\"Share on linkedin\">\n\t\t\t\t\t\t\t\t\t\t\t\t\t\t\t<span class=\"elementor-share-btn__icon\">\n\t\t\t\t\t\t\t\t<i class=\"fab fa-linkedin\" aria-hidden=\"true\"><\/i>\t\t\t\t\t\t\t<\/span>\n\t\t\t\t\t\t\t\t\t\t\t\t\t\t\t\t\t\t\t\t<\/div>\n\t\t\t\t\t<\/div>\n\t\t\t\t\t\t<\/div>\n\t\t\t\t\t\t<\/div>\n\t\t\t\t<\/div>\n\t\t\t\t<div class=\"elementor-element elementor-element-0c530c0 elementor-widget-divider--view-line elementor-widget elementor-widget-divider\" data-id=\"0c530c0\" data-element_type=\"widget\" data-e-type=\"widget\" data-widget_type=\"divider.default\">\n\t\t\t\t<div class=\"elementor-widget-container\">\n\t\t\t\t\t\t\t<div class=\"elementor-divider\">\n\t\t\t<span class=\"elementor-divider-separator\">\n\t\t\t\t\t\t<\/span>\n\t\t<\/div>\n\t\t\t\t\t\t<\/div>\n\t\t\t\t<\/div>\n\t\t\t\t<div class=\"elementor-element elementor-element-ea59503 elementor-widget elementor-widget-heading\" data-id=\"ea59503\" data-element_type=\"widget\" data-e-type=\"widget\" data-widget_type=\"heading.default\">\n\t\t\t\t<div class=\"elementor-widget-container\">\n\t\t\t\t\t<h4 class=\"elementor-heading-title elementor-size-default\">Seneste nyheder<\/h4>\t\t\t\t<\/div>\n\t\t\t\t<\/div>\n\t\t\t\t<div class=\"elementor-element elementor-element-08f29c6 elementor-grid-1 elementor-posts--align-left elementor-grid-tablet-2 elementor-grid-mobile-1 elementor-posts--thumbnail-top elementor-widget elementor-widget-posts\" data-id=\"08f29c6\" data-element_type=\"widget\" data-e-type=\"widget\" data-settings=\"{&quot;classic_columns&quot;:&quot;1&quot;,&quot;classic_row_gap&quot;:{&quot;unit&quot;:&quot;px&quot;,&quot;size&quot;:&quot;20&quot;,&quot;sizes&quot;:[]},&quot;classic_columns_tablet&quot;:&quot;2&quot;,&quot;classic_columns_mobile&quot;:&quot;1&quot;,&quot;classic_row_gap_tablet&quot;:{&quot;unit&quot;:&quot;px&quot;,&quot;size&quot;:&quot;&quot;,&quot;sizes&quot;:[]},&quot;classic_row_gap_mobile&quot;:{&quot;unit&quot;:&quot;px&quot;,&quot;size&quot;:&quot;&quot;,&quot;sizes&quot;:[]}}\" data-widget_type=\"posts.classic\">\n\t\t\t\t<div class=\"elementor-widget-container\">\n\t\t\t\t\t\t\t<div class=\"elementor-posts-container elementor-posts elementor-posts--skin-classic elementor-grid\" role=\"list\">\n\t\t\t\t<article class=\"elementor-post elementor-grid-item post-69562 post type-post status-publish format-standard has-post-thumbnail hentry category-tegneserier tag-comic-con-denmark-2026-da edition-comic-con-denmark-2026\" role=\"listitem\">\n\t\t\t\t<a class=\"elementor-post__thumbnail__link\" href=\"https:\/\/www.comiccondenmark.com\/da\/2026\/07\/16\/heroes-comic-con-danmarks-officiel-plakat-2026\/\" tabindex=\"-1\" >\n\t\t\t<div class=\"elementor-post__thumbnail\"><img decoding=\"async\" width=\"1080\" height=\"1080\" src=\"https:\/\/easyfairsassets.com\/sites\/340\/2026\/07\/Poster-Website-News-Post.png\" class=\"attachment-full size-full wp-image-69558\" alt=\"The official Comic Con poster in a red frame with clouds at the bottom.\" srcset=\"https:\/\/easyfairsassets.com\/sites\/340\/2026\/07\/Poster-Website-News-Post.png 1080w, https:\/\/easyfairsassets.com\/sites\/340\/2026\/07\/Poster-Website-News-Post-300x300.png 300w, https:\/\/easyfairsassets.com\/sites\/340\/2026\/07\/Poster-Website-News-Post-1024x1024.png 1024w, https:\/\/easyfairsassets.com\/sites\/340\/2026\/07\/Poster-Website-News-Post-150x150.png 150w, https:\/\/easyfairsassets.com\/sites\/340\/2026\/07\/Poster-Website-News-Post-768x768.png 768w\" sizes=\"(max-width: 1080px) 100vw, 1080px\" \/><\/div>\n\t\t<\/a>\n\t\t\t\t<div class=\"elementor-post__text\">\n\t\t\t\t<h2 class=\"elementor-post__title\">\n\t\t\t<a href=\"https:\/\/www.comiccondenmark.com\/da\/2026\/07\/16\/heroes-comic-con-danmarks-officiel-plakat-2026\/\" >\n\t\t\t\tHeroes Comic Con Danmarks officiel plakat 2026\t\t\t<\/a>\n\t\t<\/h2>\n\t\t\t\t<div class=\"elementor-post__excerpt\">\n\t\t\t<p>Heroes Comic Con Danmarks officielle plakat er her! Vores Comic g\u00e6st og mestertegner<\/p>\n\t\t<\/div>\n\t\t\n\t\t<a class=\"elementor-post__read-more\" href=\"https:\/\/www.comiccondenmark.com\/da\/2026\/07\/16\/heroes-comic-con-danmarks-officiel-plakat-2026\/\" aria-label=\"Read more about Heroes Comic Con Danmarks officiel plakat 2026\" tabindex=\"-1\" >\n\t\t\tL\u00e6s Mere \u00bb\t\t<\/a>\n\n\t\t\t\t<\/div>\n\t\t\t\t<\/article>\n\t\t\t\t<article class=\"elementor-post elementor-grid-item post-69549 post type-post status-publish format-standard has-post-thumbnail hentry category-tegneserier tag-comic-con-denmark-2026-da tag-don-rosa-da edition-comic-con-denmark-2026\" role=\"listitem\">\n\t\t\t\t<a class=\"elementor-post__thumbnail__link\" href=\"https:\/\/www.comiccondenmark.com\/da\/2026\/07\/16\/don-rosa-kommer-til-heroes-comic-con-denmark\/\" tabindex=\"-1\" >\n\t\t\t<div class=\"elementor-post__thumbnail\"><img decoding=\"async\" width=\"500\" height=\"500\" src=\"https:\/\/easyfairsassets.com\/sites\/340\/2026\/07\/Don-Rosa-profile-image.png\" class=\"attachment-full size-full wp-image-69537\" alt=\"Portrait of Don Rosa in front of one of his illusrations\" srcset=\"https:\/\/easyfairsassets.com\/sites\/340\/2026\/07\/Don-Rosa-profile-image.png 500w, https:\/\/easyfairsassets.com\/sites\/340\/2026\/07\/Don-Rosa-profile-image-300x300.png 300w, https:\/\/easyfairsassets.com\/sites\/340\/2026\/07\/Don-Rosa-profile-image-150x150.png 150w\" sizes=\"(max-width: 500px) 100vw, 500px\" \/><\/div>\n\t\t<\/a>\n\t\t\t\t<div class=\"elementor-post__text\">\n\t\t\t\t<h2 class=\"elementor-post__title\">\n\t\t\t<a href=\"https:\/\/www.comiccondenmark.com\/da\/2026\/07\/16\/don-rosa-kommer-til-heroes-comic-con-denmark\/\" >\n\t\t\t\tDon Rosa kommer til Heroes Comic Con Denmark!\t\t\t<\/a>\n\t\t<\/h2>\n\t\t\t\t<div class=\"elementor-post__excerpt\">\n\t\t\t<p>Den legendariske Don Rosa er p\u00e5 vej! Don er kendt for sine tegneserier<\/p>\n\t\t<\/div>\n\t\t\n\t\t<a class=\"elementor-post__read-more\" href=\"https:\/\/www.comiccondenmark.com\/da\/2026\/07\/16\/don-rosa-kommer-til-heroes-comic-con-denmark\/\" aria-label=\"Read more about Don Rosa kommer til Heroes Comic Con Denmark!\" tabindex=\"-1\" >\n\t\t\tL\u00e6s Mere \u00bb\t\t<\/a>\n\n\t\t\t\t<\/div>\n\t\t\t\t<\/article>\n\t\t\t\t<article class=\"elementor-post elementor-grid-item post-69519 post type-post status-publish format-standard has-post-thumbnail hentry category-gaest tag-comic-con-denmark-2026-da edition-comic-con-denmark-2026\" role=\"listitem\">\n\t\t\t\t<a class=\"elementor-post__thumbnail__link\" href=\"https:\/\/www.comiccondenmark.com\/da\/2026\/07\/15\/power-parret-fra-the-100-kommer-til-danmark\/\" tabindex=\"-1\" >\n\t\t\t<div class=\"elementor-post__thumbnail\"><img loading=\"lazy\" decoding=\"async\" width=\"1080\" height=\"1080\" src=\"https:\/\/easyfairsassets.com\/sites\/340\/2026\/07\/Eliza-and-Bob-News-Post.png\" class=\"attachment-full size-full wp-image-69508\" alt=\"Portrait of Bob Morley and Eliza Taylor\" srcset=\"https:\/\/easyfairsassets.com\/sites\/340\/2026\/07\/Eliza-and-Bob-News-Post.png 1080w, https:\/\/easyfairsassets.com\/sites\/340\/2026\/07\/Eliza-and-Bob-News-Post-300x300.png 300w, https:\/\/easyfairsassets.com\/sites\/340\/2026\/07\/Eliza-and-Bob-News-Post-1024x1024.png 1024w, https:\/\/easyfairsassets.com\/sites\/340\/2026\/07\/Eliza-and-Bob-News-Post-150x150.png 150w, https:\/\/easyfairsassets.com\/sites\/340\/2026\/07\/Eliza-and-Bob-News-Post-768x768.png 768w\" sizes=\"(max-width: 1080px) 100vw, 1080px\" \/><\/div>\n\t\t<\/a>\n\t\t\t\t<div class=\"elementor-post__text\">\n\t\t\t\t<h2 class=\"elementor-post__title\">\n\t\t\t<a href=\"https:\/\/www.comiccondenmark.com\/da\/2026\/07\/15\/power-parret-fra-the-100-kommer-til-danmark\/\" >\n\t\t\t\tPower parret fra The 100 kommer til Danmark!\t\t\t<\/a>\n\t\t<\/h2>\n\t\t\t\t<div class=\"elementor-post__excerpt\">\n\t\t\t<p>Stjernerne fra The 100 Eliza Taylor og Bob Morley kommer til Comic Con Denmark! G\u00e5 ikke glip af chancen for at m\u00f8de denne duo, billetter ude nu!<\/p>\n\t\t<\/div>\n\t\t\n\t\t<a class=\"elementor-post__read-more\" href=\"https:\/\/www.comiccondenmark.com\/da\/2026\/07\/15\/power-parret-fra-the-100-kommer-til-danmark\/\" aria-label=\"Read more about Power parret fra The 100 kommer til Danmark!\" tabindex=\"-1\" >\n\t\t\tL\u00e6s Mere \u00bb\t\t<\/a>\n\n\t\t\t\t<\/div>\n\t\t\t\t<\/article>\n\t\t\t\t<\/div>\n\t\t\n\t\t\t\t\t\t<\/div>\n\t\t\t\t<\/div>\n\t\t\t\t<div class=\"elementor-element elementor-element-d16cbed elementor-align-left elementor-mobile-align-left elementor-tablet-align-left elementor-widget elementor-widget-button\" data-id=\"d16cbed\" data-element_type=\"widget\" data-e-type=\"widget\" data-widget_type=\"button.default\">\n\t\t\t\t<div class=\"elementor-widget-container\">\n\t\t\t\t\t\t\t\t\t<div class=\"elementor-button-wrapper\">\n\t\t\t\t\t<a class=\"elementor-button elementor-button-link elementor-size-xs elementor-animation-grow\" href=\"https:\/\/www.comiccondenmark.com\/da\/nyheder\/\">\n\t\t\t\t\t\t<span class=\"elementor-button-content-wrapper\">\n\t\t\t\t\t\t\t\t\t<span class=\"elementor-button-text\">Tilbage til nyheder<\/span>\n\t\t\t\t\t<\/span>\n\t\t\t\t\t<\/a>\n\t\t\t\t<\/div>\n\t\t\t\t\t\t\t\t<\/div>\n\t\t\t\t<\/div>\n\t\t\t\t<section class=\"elementor-section elementor-inner-section elementor-element elementor-element-7c20f0d elementor-section-boxed elementor-section-height-default elementor-section-height-default\" data-id=\"7c20f0d\" data-element_type=\"section\" data-e-type=\"section\" data-settings=\"{&quot;background_background&quot;:&quot;classic&quot;}\">\n\t\t\t\t\t\t<div class=\"elementor-container elementor-column-gap-default\">\n\t\t\t\t\t<div class=\"elementor-column elementor-col-100 elementor-inner-column elementor-element elementor-element-e627107\" data-id=\"e627107\" data-element_type=\"column\" data-e-type=\"column\">\n\t\t\t<div class=\"elementor-widget-wrap elementor-element-populated\">\n\t\t\t\t\t\t<div class=\"elementor-element elementor-element-3d97f15 elementor-widget elementor-widget-heading\" data-id=\"3d97f15\" data-element_type=\"widget\" data-e-type=\"widget\" data-widget_type=\"heading.default\">\n\t\t\t\t<div class=\"elementor-widget-container\">\n\t\t\t\t\t<h4 class=\"elementor-heading-title elementor-size-default\">F\u00f8lg os!<\/h4>\t\t\t\t<\/div>\n\t\t\t\t<\/div>\n\t\t\t\t\t<\/div>\n\t\t<\/div>\n\t\t\t\t\t<\/div>\n\t\t<\/section>\n\t\t\t\t<section class=\"elementor-section elementor-inner-section elementor-element elementor-element-8890159 elementor-section-boxed elementor-section-height-default elementor-section-height-default\" data-id=\"8890159\" data-element_type=\"section\" data-e-type=\"section\" data-settings=\"{&quot;background_background&quot;:&quot;classic&quot;}\">\n\t\t\t\t\t\t<div class=\"elementor-container elementor-column-gap-default\">\n\t\t\t\t\t<div class=\"elementor-column elementor-col-50 elementor-inner-column elementor-element elementor-element-36a867d\" data-id=\"36a867d\" data-element_type=\"column\" data-e-type=\"column\">\n\t\t\t<div class=\"elementor-widget-wrap elementor-element-populated\">\n\t\t\t\t\t\t<div class=\"elementor-element elementor-element-73de7b5 e-grid-align-mobile-left elementor-grid-1 elementor-grid-mobile-1 elementor-shape-rounded e-grid-align-center elementor-widget elementor-widget-social-icons\" data-id=\"73de7b5\" data-element_type=\"widget\" data-e-type=\"widget\" data-widget_type=\"social-icons.default\">\n\t\t\t\t<div class=\"elementor-widget-container\">\n\t\t\t\t\t\t\t<div class=\"elementor-social-icons-wrapper elementor-grid\" role=\"list\">\n\t\t\t\t\t\t\t<span class=\"elementor-grid-item\" role=\"listitem\">\n\t\t\t\t\t<a class=\"elementor-icon elementor-social-icon elementor-social-icon-facebook elementor-animation-grow elementor-repeater-item-85a40fd\" href=\"https:\/\/www.facebook.com\/comicconcopenhagen\" target=\"_blank\">\n\t\t\t\t\t\t<span class=\"elementor-screen-only\">Facebook<\/span>\n\t\t\t\t\t\t<i aria-hidden=\"true\" class=\"fab fa-facebook\"><\/i>\t\t\t\t\t<\/a>\n\t\t\t\t<\/span>\n\t\t\t\t\t\t\t<span class=\"elementor-grid-item\" role=\"listitem\">\n\t\t\t\t\t<a class=\"elementor-icon elementor-social-icon elementor-social-icon-instagram elementor-animation-grow elementor-repeater-item-68d3ab2\" href=\"https:\/\/www.instagram.com\/comiccondenmark\/\" target=\"_blank\">\n\t\t\t\t\t\t<span class=\"elementor-screen-only\">Instagram<\/span>\n\t\t\t\t\t\t<i aria-hidden=\"true\" class=\"fab fa-instagram\"><\/i>\t\t\t\t\t<\/a>\n\t\t\t\t<\/span>\n\t\t\t\t\t\t\t<span class=\"elementor-grid-item\" role=\"listitem\">\n\t\t\t\t\t<a class=\"elementor-icon elementor-social-icon elementor-social-icon-youtube elementor-animation-grow elementor-repeater-item-819b092\" href=\"https:\/\/www.youtube.com\/@ComicConNordics\" target=\"_blank\">\n\t\t\t\t\t\t<span class=\"elementor-screen-only\">Youtube<\/span>\n\t\t\t\t\t\t<i aria-hidden=\"true\" class=\"fab fa-youtube\"><\/i>\t\t\t\t\t<\/a>\n\t\t\t\t<\/span>\n\t\t\t\t\t<\/div>\n\t\t\t\t\t\t<\/div>\n\t\t\t\t<\/div>\n\t\t\t\t\t<\/div>\n\t\t<\/div>\n\t\t\t\t<div class=\"elementor-column elementor-col-50 elementor-inner-column elementor-element elementor-element-fb6dc48\" data-id=\"fb6dc48\" data-element_type=\"column\" data-e-type=\"column\">\n\t\t\t<div class=\"elementor-widget-wrap elementor-element-populated\">\n\t\t\t\t\t\t<div class=\"elementor-element elementor-element-0eae58e elementor-widget__width-initial elementor-widget elementor-widget-image\" data-id=\"0eae58e\" data-element_type=\"widget\" data-e-type=\"widget\" data-widget_type=\"image.default\">\n\t\t\t\t<div class=\"elementor-widget-container\">\n\t\t\t\t\t\t\t\t\t\t\t\t\t\t\t<img decoding=\"async\" src=\"https:\/\/easyfairsassets.com\/sites\/340\/2023\/05\/some_mockup_CCS.png\" title=\"\" alt=\"\" class=\"elementor-animation-grow\" loading=\"lazy\" \/>\t\t\t\t\t\t\t\t\t\t\t\t\t\t\t<\/div>\n\t\t\t\t<\/div>\n\t\t\t\t\t<\/div>\n\t\t<\/div>\n\t\t\t\t\t<\/div>\n\t\t<\/section>\n\t\t\t\t\t<\/div>\n\t\t<\/div>\n\t\t\t\t\t<\/div>\n\t\t<\/section>\n\t\t\t\t<\/div>\n\t\t","protected":false},"excerpt":{"rendered":"<p>M\u00f8d Sean Astin til Comic Con Denmark 2025! Deltag i eksklusive Q&#038;A-sessions, f\u00e5 taget et professionelt billede med ham, og sikr dig en autograf fra den elskede Ringenes Herre-stjerne, samt fra Goonies og Stranger Things. Billetter ude nu.<\/p>\n","protected":false},"author":1529,"featured_media":63676,"comment_status":"open","ping_status":"open","sticky":false,"template":"elementor_header_footer","format":"standard","meta":{"_seopress_titles_title":"M\u00f8d Sean Astin | Comic Con Denmark 2025","_seopress_titles_desc":"M\u00f8d Sean Astin til Comic Con Denmark 2025! Deltag i eksklusive Q&A-sessions, f\u00e5 taget et professionelt billede med ham, og sikr dig en autograf fra den elskede Ringenes Herre-stjerne, samt fra Goonies og Stranger Things. Billetter ude nu.","_seopress_robots_index":"","_seopress_robots_follow":"","_seopress_robots_imageindex":"","_seopress_robots_snippet":"","_seopress_robots_primary_cat":"none","_seopress_robots_breadcrumbs":"","_seopress_robots_freeze_modified_date":"","_seopress_robots_custom_modified_date":"","_seopress_robots_canonical":"","_seopress_social_fb_title":"","_seopress_social_fb_desc":"","_seopress_social_fb_img":"","_seopress_social_fb_img_attachment_id":0,"_seopress_social_fb_img_width":0,"_seopress_social_fb_img_height":0,"_seopress_social_twitter_title":"","_seopress_social_twitter_desc":"","_seopress_social_twitter_img":"","_seopress_social_twitter_img_attachment_id":0,"_seopress_social_twitter_img_width":0,"_seopress_social_twitter_img_height":0,"_seopress_redirections_value":"","_seopress_redirections_enabled":"","_seopress_redirections_enabled_regex":"","_seopress_redirections_logged_status":"both","_seopress_redirections_param":"","_seopress_redirections_type":301,"_seopress_analysis_target_kw":"","_seopress_news_disabled":"","_seopress_video_disabled":"","_seopress_video":[],"_seopress_pro_schemas_manual":[],"_seopress_pro_rich_snippets_disable_all":"","_seopress_pro_rich_snippets_disable":[],"_seopress_pro_schemas":[],"footnotes":""},"categories":[386],"tags":[415,416,414],"edition":[],"class_list":["post-63768","post","type-post","status-publish","format-standard","has-post-thumbnail","hentry","category-gaest","tag-comic-con-denmark-da","tag-saerlig-gaest-comic-con-denmark","tag-sean-astin-da"],"_links":{"self":[{"href":"https:\/\/www.comiccondenmark.com\/da\/wp-json\/wp\/v2\/posts\/63768","targetHints":{"allow":["GET"]}}],"collection":[{"href":"https:\/\/www.comiccondenmark.com\/da\/wp-json\/wp\/v2\/posts"}],"about":[{"href":"https:\/\/www.comiccondenmark.com\/da\/wp-json\/wp\/v2\/types\/post"}],"author":[{"embeddable":true,"href":"https:\/\/www.comiccondenmark.com\/da\/wp-json\/wp\/v2\/users\/1529"}],"replies":[{"embeddable":true,"href":"https:\/\/www.comiccondenmark.com\/da\/wp-json\/wp\/v2\/comments?post=63768"}],"version-history":[{"count":0,"href":"https:\/\/www.comiccondenmark.com\/da\/wp-json\/wp\/v2\/posts\/63768\/revisions"}],"wp:featuredmedia":[{"embeddable":true,"href":"https:\/\/www.comiccondenmark.com\/da\/wp-json\/wp\/v2\/media\/63676"}],"wp:attachment":[{"href":"https:\/\/www.comiccondenmark.com\/da\/wp-json\/wp\/v2\/media?parent=63768"}],"wp:term":[{"taxonomy":"category","embeddable":true,"href":"https:\/\/www.comiccondenmark.com\/da\/wp-json\/wp\/v2\/categories?post=63768"},{"taxonomy":"post_tag","embeddable":true,"href":"https:\/\/www.comiccondenmark.com\/da\/wp-json\/wp\/v2\/tags?post=63768"},{"taxonomy":"edition","embeddable":true,"href":"https:\/\/www.comiccondenmark.com\/da\/wp-json\/wp\/v2\/edition?post=63768"}],"curies":[{"name":"wp","href":"https:\/\/api.w.org\/{rel}","templated":true}]}}