{"id":68637,"date":"2026-04-02T16:40:58","date_gmt":"2026-04-02T14:40:58","guid":{"rendered":"https:\/\/www.comiccondenmark.com\/2026\/04\/02\/moed-aarets-comic-artists\/"},"modified":"2026-04-06T16:13:02","modified_gmt":"2026-04-06T14:13:02","slug":"moed-aarets-comic-artists","status":"publish","type":"post","link":"https:\/\/www.comiccondenmark.com\/da\/2026\/04\/02\/moed-aarets-comic-artists\/","title":{"rendered":"M\u00f8d \u00e5rets Comic Artists!"},"content":{"rendered":"\t\t<div data-elementor-type=\"wp-post\" data-elementor-id=\"68637\" class=\"elementor elementor-68637 elementor-68626\" data-elementor-post-type=\"post\">\n\t\t\t\t\t\t<section class=\"elementor-section elementor-top-section elementor-element elementor-element-c6676fd elementor-section-boxed elementor-section-height-default elementor-section-height-default\" data-id=\"c6676fd\" data-element_type=\"section\" data-e-type=\"section\" data-settings=\"{&quot;background_background&quot;:&quot;classic&quot;}\">\n\t\t\t\t\t\t<div class=\"elementor-container elementor-column-gap-wide\">\n\t\t\t\t\t<div class=\"elementor-column elementor-col-50 elementor-top-column elementor-element elementor-element-792d13f6\" data-id=\"792d13f6\" data-element_type=\"column\" data-e-type=\"column\" data-settings=\"{&quot;background_background&quot;:&quot;classic&quot;}\">\n\t\t\t<div class=\"elementor-widget-wrap elementor-element-populated\">\n\t\t\t\t\t\t<div class=\"elementor-element elementor-element-5c0012ed elementor-widget elementor-widget-image\" data-id=\"5c0012ed\" data-element_type=\"widget\" data-e-type=\"widget\" data-widget_type=\"image.default\">\n\t\t\t\t<div class=\"elementor-widget-container\">\n\t\t\t\t\t\t\t\t\t\t\t\t\t\t\t<img fetchpriority=\"high\" decoding=\"async\" width=\"500\" height=\"500\" src=\"https:\/\/easyfairsassets.com\/sites\/340\/2026\/04\/1.png\" class=\"attachment-medium_large size-medium_large wp-image-68631\" alt=\"Collection of all Comic related guests at Comic Con Denmark\" srcset=\"https:\/\/easyfairsassets.com\/sites\/340\/2026\/04\/1.png 500w, https:\/\/easyfairsassets.com\/sites\/340\/2026\/04\/1-300x300.png 300w, https:\/\/easyfairsassets.com\/sites\/340\/2026\/04\/1-150x150.png 150w\" sizes=\"(max-width: 500px) 100vw, 500px\" \/>\t\t\t\t\t\t\t\t\t\t\t\t\t\t\t<\/div>\n\t\t\t\t<\/div>\n\t\t\t\t<div class=\"elementor-element elementor-element-313a978f elementor-widget elementor-widget-heading\" data-id=\"313a978f\" data-element_type=\"widget\" data-e-type=\"widget\" data-widget_type=\"heading.default\">\n\t\t\t\t<div class=\"elementor-widget-container\">\n\t\t\t\t\t<h1 class=\"elementor-heading-title elementor-size-default\">Fra siderne til K\u00f8benhavn!<\/h1>\t\t\t\t<\/div>\n\t\t\t\t<\/div>\n\t\t\t\t<div class=\"elementor-element elementor-element-320d81b5 elementor-widget elementor-widget-text-editor\" data-id=\"320d81b5\" data-element_type=\"widget\" data-e-type=\"widget\" data-widget_type=\"text-editor.default\">\n\t\t\t\t<div class=\"elementor-widget-container\">\n\t\t\t\t\t\t\t\t\t<p>\u00c5rets serie af tegnere er her! Nu kan du m\u00f8de tegneserielegender som Pere Perez, Chris Sprouse, Marc Ellerby, R.B. Silva, Brian Stelfreeze og chefredakt\u00f8r Marie Javins p\u00e5 Comic Con Danmark! Tag til Tegneserie- og B\u00f8ger-scenen og g\u00f8r dig klar til live-tegning, paneler, workshops og sp\u00e6ndende live drawing battles!<\/p>\n<p>Hold \u00f8je med vores program, det udkommer snart med en masse fedt comicindhold!<\/p>\n\t\t\t\t\t\t\t\t<\/div>\n\t\t\t\t<\/div>\n\t\t\t\t<div class=\"elementor-element elementor-element-36f8ad3e elementor-widget elementor-widget-heading\" data-id=\"36f8ad3e\" data-element_type=\"widget\" data-e-type=\"widget\" data-widget_type=\"heading.default\">\n\t\t\t\t<div class=\"elementor-widget-container\">\n\t\t\t\t\t<h2 class=\"elementor-heading-title elementor-size-default\">Autografer og mere<\/h2>\t\t\t\t<\/div>\n\t\t\t\t<\/div>\n\t\t\t\t<div class=\"elementor-element elementor-element-76a17d5a elementor-widget elementor-widget-text-editor\" data-id=\"76a17d5a\" data-element_type=\"widget\" data-e-type=\"widget\" data-widget_type=\"text-editor.default\">\n\t\t\t\t<div class=\"elementor-widget-container\">\n\t\t\t\t\t\t\t\t\t<p>Vores Comic g\u00e6ster vil v\u00e6re til stede p\u00e5 Comic Con alle dagene for at signere dine personlige yndlings eksemplarer eller s\u00e6lge nogle af deres egne signerede v\u00e6rker. Hvis de ikke er der, n\u00e5r du er der for at m\u00f8de dem, er de sandsynligvis p\u00e5 en af \u200b\u200bvores scener eller holder en kort pause. Bare rolig, kom bare tilbage lidt senere!<\/p>\n\t\t\t\t\t\t\t\t<\/div>\n\t\t\t\t<\/div>\n\t\t\t\t<div class=\"elementor-element elementor-element-5e2d5fe5 elementor-align-left elementor-mobile-align-left elementor-widget elementor-widget-button\" data-id=\"5e2d5fe5\" data-element_type=\"widget\" data-e-type=\"widget\" data-widget_type=\"button.default\">\n\t\t\t\t<div class=\"elementor-widget-container\">\n\t\t\t\t\t\t\t\t\t<div class=\"elementor-button-wrapper\">\n\t\t\t\t\t<a class=\"elementor-button elementor-button-link elementor-size-xs elementor-animation-grow\" href=\"https:\/\/www.comiccondenmark.com\/da\/billetter\/\">\n\t\t\t\t\t\t<span class=\"elementor-button-content-wrapper\">\n\t\t\t\t\t\t\t\t\t<span class=\"elementor-button-text\">billetter kommer snart<\/span>\n\t\t\t\t\t<\/span>\n\t\t\t\t\t<\/a>\n\t\t\t\t<\/div>\n\t\t\t\t\t\t\t\t<\/div>\n\t\t\t\t<\/div>\n\t\t\t\t\t<\/div>\n\t\t<\/div>\n\t\t\t\t<div class=\"elementor-column elementor-col-50 elementor-top-column elementor-element elementor-element-943d801\" data-id=\"943d801\" data-element_type=\"column\" data-e-type=\"column\" data-settings=\"{&quot;background_background&quot;:&quot;classic&quot;}\">\n\t\t\t<div class=\"elementor-widget-wrap elementor-element-populated\">\n\t\t\t\t\t\t<div class=\"elementor-element elementor-element-1b233d3 elementor-widget elementor-widget-heading\" data-id=\"1b233d3\" data-element_type=\"widget\" data-e-type=\"widget\" data-widget_type=\"heading.default\">\n\t\t\t\t<div class=\"elementor-widget-container\">\n\t\t\t\t\t<h4 class=\"elementor-heading-title elementor-size-default\">Del<\/h4>\t\t\t\t<\/div>\n\t\t\t\t<\/div>\n\t\t\t\t<div class=\"elementor-element elementor-element-2f653842 elementor-share-buttons--view-icon elementor-share-buttons--skin-minimal elementor-share-buttons--shape-circle elementor-grid-0 elementor-share-buttons--color-official elementor-widget elementor-widget-share-buttons\" data-id=\"2f653842\" data-element_type=\"widget\" data-e-type=\"widget\" data-widget_type=\"share-buttons.default\">\n\t\t\t\t<div class=\"elementor-widget-container\">\n\t\t\t\t\t\t\t<div class=\"elementor-grid\" role=\"list\">\n\t\t\t\t\t\t\t\t<div class=\"elementor-grid-item\" role=\"listitem\">\n\t\t\t\t\t\t<div class=\"elementor-share-btn elementor-share-btn_facebook\" role=\"button\" tabindex=\"0\" aria-label=\"Share on facebook\">\n\t\t\t\t\t\t\t\t\t\t\t\t\t\t\t<span class=\"elementor-share-btn__icon\">\n\t\t\t\t\t\t\t\t<i class=\"fab fa-facebook\" aria-hidden=\"true\"><\/i>\t\t\t\t\t\t\t<\/span>\n\t\t\t\t\t\t\t\t\t\t\t\t\t\t\t\t\t\t\t\t<\/div>\n\t\t\t\t\t<\/div>\n\t\t\t\t\t\t\t\t\t<div class=\"elementor-grid-item\" role=\"listitem\">\n\t\t\t\t\t\t<div class=\"elementor-share-btn elementor-share-btn_twitter\" role=\"button\" tabindex=\"0\" aria-label=\"Share on twitter\">\n\t\t\t\t\t\t\t\t\t\t\t\t\t\t\t<span class=\"elementor-share-btn__icon\">\n\t\t\t\t\t\t\t\t<i class=\"fab fa-twitter\" aria-hidden=\"true\"><\/i>\t\t\t\t\t\t\t<\/span>\n\t\t\t\t\t\t\t\t\t\t\t\t\t\t\t\t\t\t\t\t<\/div>\n\t\t\t\t\t<\/div>\n\t\t\t\t\t\t\t\t\t<div class=\"elementor-grid-item\" role=\"listitem\">\n\t\t\t\t\t\t<div class=\"elementor-share-btn elementor-share-btn_linkedin\" role=\"button\" tabindex=\"0\" aria-label=\"Share on linkedin\">\n\t\t\t\t\t\t\t\t\t\t\t\t\t\t\t<span class=\"elementor-share-btn__icon\">\n\t\t\t\t\t\t\t\t<i class=\"fab fa-linkedin\" aria-hidden=\"true\"><\/i>\t\t\t\t\t\t\t<\/span>\n\t\t\t\t\t\t\t\t\t\t\t\t\t\t\t\t\t\t\t\t<\/div>\n\t\t\t\t\t<\/div>\n\t\t\t\t\t\t<\/div>\n\t\t\t\t\t\t<\/div>\n\t\t\t\t<\/div>\n\t\t\t\t<div class=\"elementor-element elementor-element-2b6618b1 elementor-widget-divider--view-line elementor-widget elementor-widget-divider\" data-id=\"2b6618b1\" data-element_type=\"widget\" data-e-type=\"widget\" data-widget_type=\"divider.default\">\n\t\t\t\t<div class=\"elementor-widget-container\">\n\t\t\t\t\t\t\t<div class=\"elementor-divider\">\n\t\t\t<span class=\"elementor-divider-separator\">\n\t\t\t\t\t\t<\/span>\n\t\t<\/div>\n\t\t\t\t\t\t<\/div>\n\t\t\t\t<\/div>\n\t\t\t\t<div class=\"elementor-element elementor-element-9550e2 elementor-widget elementor-widget-heading\" data-id=\"9550e2\" data-element_type=\"widget\" data-e-type=\"widget\" data-widget_type=\"heading.default\">\n\t\t\t\t<div class=\"elementor-widget-container\">\n\t\t\t\t\t<h4 class=\"elementor-heading-title elementor-size-default\">Seneste Nyheder<\/h4>\t\t\t\t<\/div>\n\t\t\t\t<\/div>\n\t\t\t\t<div class=\"elementor-element elementor-element-2595aa30 elementor-grid-1 elementor-posts--align-left elementor-grid-tablet-2 elementor-grid-mobile-1 elementor-posts--thumbnail-top elementor-widget elementor-widget-posts\" data-id=\"2595aa30\" data-element_type=\"widget\" data-e-type=\"widget\" data-settings=\"{&quot;classic_columns&quot;:&quot;1&quot;,&quot;classic_row_gap&quot;:{&quot;unit&quot;:&quot;px&quot;,&quot;size&quot;:&quot;20&quot;,&quot;sizes&quot;:[]},&quot;classic_columns_tablet&quot;:&quot;2&quot;,&quot;classic_columns_mobile&quot;:&quot;1&quot;,&quot;classic_row_gap_tablet&quot;:{&quot;unit&quot;:&quot;px&quot;,&quot;size&quot;:&quot;&quot;,&quot;sizes&quot;:[]},&quot;classic_row_gap_mobile&quot;:{&quot;unit&quot;:&quot;px&quot;,&quot;size&quot;:&quot;&quot;,&quot;sizes&quot;:[]}}\" data-widget_type=\"posts.classic\">\n\t\t\t\t<div class=\"elementor-widget-container\">\n\t\t\t\t\t\t\t<div class=\"elementor-posts-container elementor-posts elementor-posts--skin-classic elementor-grid\" role=\"list\">\n\t\t\t\t<article class=\"elementor-post elementor-grid-item post-69562 post type-post status-publish format-standard has-post-thumbnail hentry category-tegneserier tag-comic-con-denmark-2026-da edition-comic-con-denmark-2026\" role=\"listitem\">\n\t\t\t\t<a class=\"elementor-post__thumbnail__link\" href=\"https:\/\/www.comiccondenmark.com\/da\/2026\/07\/16\/heroes-comic-con-danmarks-officiel-plakat-2026\/\" tabindex=\"-1\" >\n\t\t\t<div class=\"elementor-post__thumbnail\"><img decoding=\"async\" width=\"1080\" height=\"1080\" src=\"https:\/\/easyfairsassets.com\/sites\/340\/2026\/07\/Poster-Website-News-Post.png\" class=\"attachment-full size-full wp-image-69558\" alt=\"The official Comic Con poster in a red frame with clouds at the bottom.\" srcset=\"https:\/\/easyfairsassets.com\/sites\/340\/2026\/07\/Poster-Website-News-Post.png 1080w, https:\/\/easyfairsassets.com\/sites\/340\/2026\/07\/Poster-Website-News-Post-300x300.png 300w, https:\/\/easyfairsassets.com\/sites\/340\/2026\/07\/Poster-Website-News-Post-1024x1024.png 1024w, https:\/\/easyfairsassets.com\/sites\/340\/2026\/07\/Poster-Website-News-Post-150x150.png 150w, https:\/\/easyfairsassets.com\/sites\/340\/2026\/07\/Poster-Website-News-Post-768x768.png 768w\" sizes=\"(max-width: 1080px) 100vw, 1080px\" \/><\/div>\n\t\t<\/a>\n\t\t\t\t<div class=\"elementor-post__text\">\n\t\t\t\t<h2 class=\"elementor-post__title\">\n\t\t\t<a href=\"https:\/\/www.comiccondenmark.com\/da\/2026\/07\/16\/heroes-comic-con-danmarks-officiel-plakat-2026\/\" >\n\t\t\t\tHeroes Comic Con Danmarks officiel plakat 2026\t\t\t<\/a>\n\t\t<\/h2>\n\t\t\t\t<div class=\"elementor-post__excerpt\">\n\t\t\t<p>Heroes Comic Con Danmarks officielle plakat er her! Vores Comic g\u00e6st og mestertegner<\/p>\n\t\t<\/div>\n\t\t\n\t\t<a class=\"elementor-post__read-more\" href=\"https:\/\/www.comiccondenmark.com\/da\/2026\/07\/16\/heroes-comic-con-danmarks-officiel-plakat-2026\/\" aria-label=\"Read more about Heroes Comic Con Danmarks officiel plakat 2026\" tabindex=\"-1\" >\n\t\t\tL\u00e6s Mere \u00bb\t\t<\/a>\n\n\t\t\t\t<\/div>\n\t\t\t\t<\/article>\n\t\t\t\t<article class=\"elementor-post elementor-grid-item post-69549 post type-post status-publish format-standard has-post-thumbnail hentry category-tegneserier tag-comic-con-denmark-2026-da tag-don-rosa-da edition-comic-con-denmark-2026\" role=\"listitem\">\n\t\t\t\t<a class=\"elementor-post__thumbnail__link\" href=\"https:\/\/www.comiccondenmark.com\/da\/2026\/07\/16\/don-rosa-kommer-til-heroes-comic-con-denmark\/\" tabindex=\"-1\" >\n\t\t\t<div class=\"elementor-post__thumbnail\"><img decoding=\"async\" width=\"500\" height=\"500\" src=\"https:\/\/easyfairsassets.com\/sites\/340\/2026\/07\/Don-Rosa-profile-image.png\" class=\"attachment-full size-full wp-image-69537\" alt=\"Portrait of Don Rosa in front of one of his illusrations\" srcset=\"https:\/\/easyfairsassets.com\/sites\/340\/2026\/07\/Don-Rosa-profile-image.png 500w, https:\/\/easyfairsassets.com\/sites\/340\/2026\/07\/Don-Rosa-profile-image-300x300.png 300w, https:\/\/easyfairsassets.com\/sites\/340\/2026\/07\/Don-Rosa-profile-image-150x150.png 150w\" sizes=\"(max-width: 500px) 100vw, 500px\" \/><\/div>\n\t\t<\/a>\n\t\t\t\t<div class=\"elementor-post__text\">\n\t\t\t\t<h2 class=\"elementor-post__title\">\n\t\t\t<a href=\"https:\/\/www.comiccondenmark.com\/da\/2026\/07\/16\/don-rosa-kommer-til-heroes-comic-con-denmark\/\" >\n\t\t\t\tDon Rosa kommer til Heroes Comic Con Denmark!\t\t\t<\/a>\n\t\t<\/h2>\n\t\t\t\t<div class=\"elementor-post__excerpt\">\n\t\t\t<p>Den legendariske Don Rosa er p\u00e5 vej! Don er kendt for sine tegneserier<\/p>\n\t\t<\/div>\n\t\t\n\t\t<a class=\"elementor-post__read-more\" href=\"https:\/\/www.comiccondenmark.com\/da\/2026\/07\/16\/don-rosa-kommer-til-heroes-comic-con-denmark\/\" aria-label=\"Read more about Don Rosa kommer til Heroes Comic Con Denmark!\" tabindex=\"-1\" >\n\t\t\tL\u00e6s Mere \u00bb\t\t<\/a>\n\n\t\t\t\t<\/div>\n\t\t\t\t<\/article>\n\t\t\t\t<article class=\"elementor-post elementor-grid-item post-69519 post type-post status-publish format-standard has-post-thumbnail hentry category-gaest tag-comic-con-denmark-2026-da edition-comic-con-denmark-2026\" role=\"listitem\">\n\t\t\t\t<a class=\"elementor-post__thumbnail__link\" href=\"https:\/\/www.comiccondenmark.com\/da\/2026\/07\/15\/power-parret-fra-the-100-kommer-til-danmark\/\" tabindex=\"-1\" >\n\t\t\t<div class=\"elementor-post__thumbnail\"><img loading=\"lazy\" decoding=\"async\" width=\"1080\" height=\"1080\" src=\"https:\/\/easyfairsassets.com\/sites\/340\/2026\/07\/Eliza-and-Bob-News-Post.png\" class=\"attachment-full size-full wp-image-69508\" alt=\"Portrait of Bob Morley and Eliza Taylor\" srcset=\"https:\/\/easyfairsassets.com\/sites\/340\/2026\/07\/Eliza-and-Bob-News-Post.png 1080w, https:\/\/easyfairsassets.com\/sites\/340\/2026\/07\/Eliza-and-Bob-News-Post-300x300.png 300w, https:\/\/easyfairsassets.com\/sites\/340\/2026\/07\/Eliza-and-Bob-News-Post-1024x1024.png 1024w, https:\/\/easyfairsassets.com\/sites\/340\/2026\/07\/Eliza-and-Bob-News-Post-150x150.png 150w, https:\/\/easyfairsassets.com\/sites\/340\/2026\/07\/Eliza-and-Bob-News-Post-768x768.png 768w\" sizes=\"(max-width: 1080px) 100vw, 1080px\" \/><\/div>\n\t\t<\/a>\n\t\t\t\t<div class=\"elementor-post__text\">\n\t\t\t\t<h2 class=\"elementor-post__title\">\n\t\t\t<a href=\"https:\/\/www.comiccondenmark.com\/da\/2026\/07\/15\/power-parret-fra-the-100-kommer-til-danmark\/\" >\n\t\t\t\tPower parret fra The 100 kommer til Danmark!\t\t\t<\/a>\n\t\t<\/h2>\n\t\t\t\t<div class=\"elementor-post__excerpt\">\n\t\t\t<p>Stjernerne fra The 100 Eliza Taylor og Bob Morley kommer til Comic Con Denmark! G\u00e5 ikke glip af chancen for at m\u00f8de denne duo, billetter ude nu!<\/p>\n\t\t<\/div>\n\t\t\n\t\t<a class=\"elementor-post__read-more\" href=\"https:\/\/www.comiccondenmark.com\/da\/2026\/07\/15\/power-parret-fra-the-100-kommer-til-danmark\/\" aria-label=\"Read more about Power parret fra The 100 kommer til Danmark!\" tabindex=\"-1\" >\n\t\t\tL\u00e6s Mere \u00bb\t\t<\/a>\n\n\t\t\t\t<\/div>\n\t\t\t\t<\/article>\n\t\t\t\t<\/div>\n\t\t\n\t\t\t\t\t\t<\/div>\n\t\t\t\t<\/div>\n\t\t\t\t<div class=\"elementor-element elementor-element-bf6c685 elementor-align-left elementor-mobile-align-left elementor-tablet-align-left elementor-widget elementor-widget-button\" data-id=\"bf6c685\" data-element_type=\"widget\" data-e-type=\"widget\" data-widget_type=\"button.default\">\n\t\t\t\t<div class=\"elementor-widget-container\">\n\t\t\t\t\t\t\t\t\t<div class=\"elementor-button-wrapper\">\n\t\t\t\t\t<a class=\"elementor-button elementor-button-link elementor-size-xs elementor-animation-grow\" href=\"https:\/\/www.comiccondenmark.com\/da\/nyheder\/\">\n\t\t\t\t\t\t<span class=\"elementor-button-content-wrapper\">\n\t\t\t\t\t\t\t\t\t<span class=\"elementor-button-text\">Tilbage til Nyheder<\/span>\n\t\t\t\t\t<\/span>\n\t\t\t\t\t<\/a>\n\t\t\t\t<\/div>\n\t\t\t\t\t\t\t\t<\/div>\n\t\t\t\t<\/div>\n\t\t\t\t<section class=\"elementor-section elementor-inner-section elementor-element elementor-element-2eeae1b elementor-section-boxed elementor-section-height-default elementor-section-height-default\" data-id=\"2eeae1b\" data-element_type=\"section\" data-e-type=\"section\" data-settings=\"{&quot;background_background&quot;:&quot;classic&quot;}\">\n\t\t\t\t\t\t<div class=\"elementor-container elementor-column-gap-default\">\n\t\t\t\t\t<div class=\"elementor-column elementor-col-100 elementor-inner-column elementor-element elementor-element-7941fc6c\" data-id=\"7941fc6c\" data-element_type=\"column\" data-e-type=\"column\">\n\t\t\t<div class=\"elementor-widget-wrap elementor-element-populated\">\n\t\t\t\t\t\t<div class=\"elementor-element elementor-element-68013a5a elementor-widget elementor-widget-heading\" data-id=\"68013a5a\" data-element_type=\"widget\" data-e-type=\"widget\" data-widget_type=\"heading.default\">\n\t\t\t\t<div class=\"elementor-widget-container\">\n\t\t\t\t\t<h4 class=\"elementor-heading-title elementor-size-default\">F\u00f8lg os!<\/h4>\t\t\t\t<\/div>\n\t\t\t\t<\/div>\n\t\t\t\t\t<\/div>\n\t\t<\/div>\n\t\t\t\t\t<\/div>\n\t\t<\/section>\n\t\t\t\t<section class=\"elementor-section elementor-inner-section elementor-element elementor-element-e2ade55 elementor-section-boxed elementor-section-height-default elementor-section-height-default\" data-id=\"e2ade55\" data-element_type=\"section\" data-e-type=\"section\" data-settings=\"{&quot;background_background&quot;:&quot;classic&quot;}\">\n\t\t\t\t\t\t<div class=\"elementor-container elementor-column-gap-default\">\n\t\t\t\t\t<div class=\"elementor-column elementor-col-50 elementor-inner-column elementor-element elementor-element-625de032\" data-id=\"625de032\" data-element_type=\"column\" data-e-type=\"column\">\n\t\t\t<div class=\"elementor-widget-wrap elementor-element-populated\">\n\t\t\t\t\t\t<div class=\"elementor-element elementor-element-b31c444 e-grid-align-mobile-left elementor-grid-1 elementor-grid-mobile-1 elementor-shape-rounded e-grid-align-center elementor-widget elementor-widget-social-icons\" data-id=\"b31c444\" data-element_type=\"widget\" data-e-type=\"widget\" data-widget_type=\"social-icons.default\">\n\t\t\t\t<div class=\"elementor-widget-container\">\n\t\t\t\t\t\t\t<div class=\"elementor-social-icons-wrapper elementor-grid\" role=\"list\">\n\t\t\t\t\t\t\t<span class=\"elementor-grid-item\" role=\"listitem\">\n\t\t\t\t\t<a class=\"elementor-icon elementor-social-icon elementor-social-icon-facebook elementor-animation-grow elementor-repeater-item-85a40fd\" href=\"https:\/\/www.facebook.com\/comicconcopenhagen\" target=\"_blank\">\n\t\t\t\t\t\t<span class=\"elementor-screen-only\">Facebook<\/span>\n\t\t\t\t\t\t<i aria-hidden=\"true\" class=\"fab fa-facebook\"><\/i>\t\t\t\t\t<\/a>\n\t\t\t\t<\/span>\n\t\t\t\t\t\t\t<span class=\"elementor-grid-item\" role=\"listitem\">\n\t\t\t\t\t<a class=\"elementor-icon elementor-social-icon elementor-social-icon-instagram elementor-animation-grow elementor-repeater-item-68d3ab2\" href=\"https:\/\/www.instagram.com\/comiccondenmark\/\" target=\"_blank\">\n\t\t\t\t\t\t<span class=\"elementor-screen-only\">Instagram<\/span>\n\t\t\t\t\t\t<i aria-hidden=\"true\" class=\"fab fa-instagram\"><\/i>\t\t\t\t\t<\/a>\n\t\t\t\t<\/span>\n\t\t\t\t\t\t\t<span class=\"elementor-grid-item\" role=\"listitem\">\n\t\t\t\t\t<a class=\"elementor-icon elementor-social-icon elementor-social-icon-youtube elementor-animation-grow elementor-repeater-item-819b092\" href=\"https:\/\/www.youtube.com\/@ComicConNordics\" target=\"_blank\">\n\t\t\t\t\t\t<span class=\"elementor-screen-only\">Youtube<\/span>\n\t\t\t\t\t\t<i aria-hidden=\"true\" class=\"fab fa-youtube\"><\/i>\t\t\t\t\t<\/a>\n\t\t\t\t<\/span>\n\t\t\t\t\t<\/div>\n\t\t\t\t\t\t<\/div>\n\t\t\t\t<\/div>\n\t\t\t\t\t<\/div>\n\t\t<\/div>\n\t\t\t\t<div class=\"elementor-column elementor-col-50 elementor-inner-column elementor-element elementor-element-3afd8547\" data-id=\"3afd8547\" data-element_type=\"column\" data-e-type=\"column\">\n\t\t\t<div class=\"elementor-widget-wrap elementor-element-populated\">\n\t\t\t\t\t\t<div class=\"elementor-element elementor-element-65a107e6 elementor-widget__width-initial elementor-widget elementor-widget-image\" data-id=\"65a107e6\" data-element_type=\"widget\" data-e-type=\"widget\" data-widget_type=\"image.default\">\n\t\t\t\t<div class=\"elementor-widget-container\">\n\t\t\t\t\t\t\t\t\t\t\t\t\t\t\t<img decoding=\"async\" src=\"https:\/\/easyfairsassets.com\/sites\/340\/2023\/05\/some_mockup_CCS.png\" title=\"\" alt=\"\" class=\"elementor-animation-grow\" loading=\"lazy\" \/>\t\t\t\t\t\t\t\t\t\t\t\t\t\t\t<\/div>\n\t\t\t\t<\/div>\n\t\t\t\t\t<\/div>\n\t\t<\/div>\n\t\t\t\t\t<\/div>\n\t\t<\/section>\n\t\t\t\t\t<\/div>\n\t\t<\/div>\n\t\t\t\t\t<\/div>\n\t\t<\/section>\n\t\t\t\t<\/div>\n\t\t","protected":false},"excerpt":{"rendered":"<p>Fra Marvel til DC, og meget mere! Vores tegneserieg\u00e6ster er endelig annonceret!<\/p>\n","protected":false},"author":1529,"featured_media":68631,"comment_status":"closed","ping_status":"closed","sticky":false,"template":"","format":"standard","meta":{"_seopress_titles_title":"M\u00f8d 2026's Comic g\u00e6ster! | Comic Con Danmark","_seopress_titles_desc":"Fra Marvel til DC og endnu mere! Se det fantastiske udvalg af internationalt anerkendte tegneserieskabere, du kan m\u00f8de p\u00e5 dette \u00e5rs Comic Con Danmark.","_seopress_robots_index":"","_seopress_robots_follow":"","_seopress_robots_imageindex":"","_seopress_robots_snippet":"","_seopress_robots_primary_cat":"none","_seopress_robots_breadcrumbs":"","_seopress_robots_freeze_modified_date":"","_seopress_robots_custom_modified_date":"","_seopress_robots_canonical":"","_seopress_social_fb_title":"","_seopress_social_fb_desc":"","_seopress_social_fb_img":"","_seopress_social_fb_img_attachment_id":0,"_seopress_social_fb_img_width":0,"_seopress_social_fb_img_height":0,"_seopress_social_twitter_title":"","_seopress_social_twitter_desc":"","_seopress_social_twitter_img":"","_seopress_social_twitter_img_attachment_id":0,"_seopress_social_twitter_img_width":0,"_seopress_social_twitter_img_height":0,"_seopress_redirections_value":"","_seopress_redirections_enabled":"","_seopress_redirections_enabled_regex":"","_seopress_redirections_logged_status":"both","_seopress_redirections_param":"","_seopress_redirections_type":301,"_seopress_analysis_target_kw":"","_seopress_news_disabled":"","_seopress_video_disabled":"","_seopress_video":[],"_seopress_pro_schemas_manual":[],"_seopress_pro_rich_snippets_disable_all":"","_seopress_pro_rich_snippets_disable":[],"_seopress_pro_schemas":[],"footnotes":""},"categories":[393],"tags":[],"edition":[],"class_list":["post-68637","post","type-post","status-publish","format-standard","has-post-thumbnail","hentry","category-tegneserier"],"_links":{"self":[{"href":"https:\/\/www.comiccondenmark.com\/da\/wp-json\/wp\/v2\/posts\/68637","targetHints":{"allow":["GET"]}}],"collection":[{"href":"https:\/\/www.comiccondenmark.com\/da\/wp-json\/wp\/v2\/posts"}],"about":[{"href":"https:\/\/www.comiccondenmark.com\/da\/wp-json\/wp\/v2\/types\/post"}],"author":[{"embeddable":true,"href":"https:\/\/www.comiccondenmark.com\/da\/wp-json\/wp\/v2\/users\/1529"}],"replies":[{"embeddable":true,"href":"https:\/\/www.comiccondenmark.com\/da\/wp-json\/wp\/v2\/comments?post=68637"}],"version-history":[{"count":5,"href":"https:\/\/www.comiccondenmark.com\/da\/wp-json\/wp\/v2\/posts\/68637\/revisions"}],"predecessor-version":[{"id":68643,"href":"https:\/\/www.comiccondenmark.com\/da\/wp-json\/wp\/v2\/posts\/68637\/revisions\/68643"}],"wp:featuredmedia":[{"embeddable":true,"href":"https:\/\/www.comiccondenmark.com\/da\/wp-json\/wp\/v2\/media\/68631"}],"wp:attachment":[{"href":"https:\/\/www.comiccondenmark.com\/da\/wp-json\/wp\/v2\/media?parent=68637"}],"wp:term":[{"taxonomy":"category","embeddable":true,"href":"https:\/\/www.comiccondenmark.com\/da\/wp-json\/wp\/v2\/categories?post=68637"},{"taxonomy":"post_tag","embeddable":true,"href":"https:\/\/www.comiccondenmark.com\/da\/wp-json\/wp\/v2\/tags?post=68637"},{"taxonomy":"edition","embeddable":true,"href":"https:\/\/www.comiccondenmark.com\/da\/wp-json\/wp\/v2\/edition?post=68637"}],"curies":[{"name":"wp","href":"https:\/\/api.w.org\/{rel}","templated":true}]}}